{"id":2336,"date":"2022-04-29T09:27:00","date_gmt":"2022-04-29T07:27:00","guid":{"rendered":"https:\/\/fundaciojoanoro.org\/the-joan-oro-foundation-receives-support-from-the-la-caixa-foundation-to-celebrate-the-centenary-of-the-birth-of-joan-oro\/"},"modified":"2025-02-28T12:44:24","modified_gmt":"2025-02-28T10:44:24","slug":"the-joan-oro-foundation-receives-support-from-the-la-caixa-foundation-to-celebrate-the-centenary-of-the-birth-of-joan-oro","status":"publish","type":"post","link":"https:\/\/fundaciojoanoro.org\/en\/the-joan-oro-foundation-receives-support-from-the-la-caixa-foundation-to-celebrate-the-centenary-of-the-birth-of-joan-oro\/","title":{"rendered":"The Joan Or\u00f3 Foundation receives support from the &#8220;la Caixa&#8221; Foundation to celebrate the centenary of the birth of Joan Or\u00f3"},"content":{"rendered":"\n<p>The <a href=\"https:\/\/www.fundaciojoanoro.org\/\">Joan Or\u00f3 Foundation<\/a> has received support from the <a href=\"http:\/\/www.fundaciolacaixa.org\/\">&#8220;la Caixa&#8221; Foundation<\/a>, through CaixaBank, to promote the foundation&#8217;s activities and for the celebration of the centenary of Joan Or\u00f3&#8217;s birth in 2023.<\/p>\n\n<p>The Joan Or\u00f3 Foundation is inspired by the basic lines of Joan Or\u00f3&#8217;s thought, which seeks to promote the progress of science to achieve a better development of society and therefore aims to promote the following objectives:<\/p>\n\n<ul class=\"wp-block-list\">\n<li>To publicise the work of the scientist Joan Or\u00f3.<\/li>\n\n\n\n<li>To promote, through education in schools and institutes, initiatives for the development of scientific knowledge and research to encourage the scientific vocation of young people.<\/li>\n\n\n\n<li>To bring scientific dissemination and communication closer to people.<\/li>\n\n\n\n<li>To promote science to promote the development of society through agreements with public and private institutions.<\/li>\n<\/ul>\n\n<p>Thanks to its territorial capillarity, CaixaBank&#8217;s branch network, the largest in Spain with a presence in 2,200 municipalities, can detect local needs and support the &#8220;la Caixa&#8221; Foundation in channelling financial aid to social organisations. In 2021, through CaixaBank&#8217;s branches, it has helped to promote 7,600 social projects from 6,500 institutions. <\/p>\n","protected":false},"excerpt":{"rendered":"<p>The Joan Or\u00f3 Foundation has received support from the &#8220;la Caixa&#8221; Foundation, through CaixaBank, to promote the foundation&#8217;s activities and for the celebration of the centenary of Joan Or\u00f3&#8217;s birth in 2023. The Joan Or\u00f3 Foundation is inspired by the basic lines of Joan Or\u00f3&#8217;s thought, which seeks to promote the progress of science to [&hellip;]<\/p>\n","protected":false},"author":1,"featured_media":2199,"comment_status":"open","ping_status":"open","sticky":false,"template":"","format":"standard","meta":{"_acf_changed":false,"footnotes":""},"categories":[36],"tags":[],"class_list":["post-2336","post","type-post","status-publish","format-standard","has-post-thumbnail","hentry","category-uncategorized"],"acf":[],"yoast_head":"<!-- This site is optimized with the Yoast SEO plugin v26.7 - https:\/\/yoast.com\/wordpress\/plugins\/seo\/ -->\n<title>The Joan Or\u00f3 Foundation receives support from the &quot;la Caixa&quot; Foundation to celebrate the centenary of the birth of Joan Or\u00f3 - Joan Oro<\/title>\n<meta name=\"robots\" content=\"index, follow, max-snippet:-1, max-image-preview:large, max-video-preview:-1\" \/>\n<link rel=\"canonical\" href=\"https:\/\/fundaciojoanoro.org\/en\/the-joan-oro-foundation-receives-support-from-the-la-caixa-foundation-to-celebrate-the-centenary-of-the-birth-of-joan-oro\/\" \/>\n<meta property=\"og:locale\" content=\"en_US\" \/>\n<meta property=\"og:type\" content=\"article\" \/>\n<meta property=\"og:title\" content=\"The Joan Or\u00f3 Foundation receives support from the &quot;la Caixa&quot; Foundation to celebrate the centenary of the birth of Joan Or\u00f3 - Joan Oro\" \/>\n<meta property=\"og:description\" content=\"The Joan Or\u00f3 Foundation has received support from the &#8220;la Caixa&#8221; Foundation, through CaixaBank, to promote the foundation&#8217;s activities and for the celebration of the centenary of Joan Or\u00f3&#8217;s birth in 2023. The Joan Or\u00f3 Foundation is inspired by the basic lines of Joan Or\u00f3&#8217;s thought, which seeks to promote the progress of science to [&hellip;]\" \/>\n<meta property=\"og:url\" content=\"https:\/\/fundaciojoanoro.org\/en\/the-joan-oro-foundation-receives-support-from-the-la-caixa-foundation-to-celebrate-the-centenary-of-the-birth-of-joan-oro\/\" \/>\n<meta property=\"og:site_name\" content=\"Joan Oro\" \/>\n<meta property=\"article:published_time\" content=\"2022-04-29T07:27:00+00:00\" \/>\n<meta property=\"article:modified_time\" content=\"2025-02-28T10:44:24+00:00\" \/>\n<meta property=\"og:image\" content=\"https:\/\/fundaciojoanoro.org\/wp-content\/uploads\/2023\/05\/IMG20220422094316-2-scaled-1.jpeg\" \/>\n\t<meta property=\"og:image:width\" content=\"2560\" \/>\n\t<meta property=\"og:image:height\" content=\"1920\" \/>\n\t<meta property=\"og:image:type\" content=\"image\/jpeg\" \/>\n<meta name=\"author\" content=\"agenciaoma\" \/>\n<meta name=\"twitter:card\" content=\"summary_large_image\" \/>\n<meta name=\"twitter:label1\" content=\"Written by\" \/>\n\t<meta name=\"twitter:data1\" content=\"agenciaoma\" \/>\n\t<meta name=\"twitter:label2\" content=\"Est. reading time\" \/>\n\t<meta name=\"twitter:data2\" content=\"1 minute\" \/>\n<script type=\"application\/ld+json\" class=\"yoast-schema-graph\">{\"@context\":\"https:\/\/schema.org\",\"@graph\":[{\"@type\":\"Article\",\"@id\":\"https:\/\/fundaciojoanoro.org\/en\/the-joan-oro-foundation-receives-support-from-the-la-caixa-foundation-to-celebrate-the-centenary-of-the-birth-of-joan-oro\/#article\",\"isPartOf\":{\"@id\":\"https:\/\/fundaciojoanoro.org\/en\/the-joan-oro-foundation-receives-support-from-the-la-caixa-foundation-to-celebrate-the-centenary-of-the-birth-of-joan-oro\/\"},\"author\":{\"name\":\"agenciaoma\",\"@id\":\"https:\/\/fundaciojoanoro.org\/#\/schema\/person\/737fe96ed4850cb09581425c1a2d1ee4\"},\"headline\":\"The Joan Or\u00f3 Foundation receives support from the &#8220;la Caixa&#8221; Foundation to celebrate the centenary of the birth of Joan Or\u00f3\",\"datePublished\":\"2022-04-29T07:27:00+00:00\",\"dateModified\":\"2025-02-28T10:44:24+00:00\",\"mainEntityOfPage\":{\"@id\":\"https:\/\/fundaciojoanoro.org\/en\/the-joan-oro-foundation-receives-support-from-the-la-caixa-foundation-to-celebrate-the-centenary-of-the-birth-of-joan-oro\/\"},\"wordCount\":200,\"commentCount\":0,\"publisher\":{\"@id\":\"https:\/\/fundaciojoanoro.org\/#organization\"},\"image\":{\"@id\":\"https:\/\/fundaciojoanoro.org\/en\/the-joan-oro-foundation-receives-support-from-the-la-caixa-foundation-to-celebrate-the-centenary-of-the-birth-of-joan-oro\/#primaryimage\"},\"thumbnailUrl\":\"https:\/\/fundaciojoanoro.org\/wp-content\/uploads\/2023\/05\/IMG20220422094316-2-scaled-1.jpeg\",\"inLanguage\":\"en-US\"},{\"@type\":\"WebPage\",\"@id\":\"https:\/\/fundaciojoanoro.org\/en\/the-joan-oro-foundation-receives-support-from-the-la-caixa-foundation-to-celebrate-the-centenary-of-the-birth-of-joan-oro\/\",\"url\":\"https:\/\/fundaciojoanoro.org\/en\/the-joan-oro-foundation-receives-support-from-the-la-caixa-foundation-to-celebrate-the-centenary-of-the-birth-of-joan-oro\/\",\"name\":\"The Joan Or\u00f3 Foundation receives support from the \\\"la Caixa\\\" Foundation to celebrate the centenary of the birth of Joan Or\u00f3 - Joan Oro\",\"isPartOf\":{\"@id\":\"https:\/\/fundaciojoanoro.org\/#website\"},\"primaryImageOfPage\":{\"@id\":\"https:\/\/fundaciojoanoro.org\/en\/the-joan-oro-foundation-receives-support-from-the-la-caixa-foundation-to-celebrate-the-centenary-of-the-birth-of-joan-oro\/#primaryimage\"},\"image\":{\"@id\":\"https:\/\/fundaciojoanoro.org\/en\/the-joan-oro-foundation-receives-support-from-the-la-caixa-foundation-to-celebrate-the-centenary-of-the-birth-of-joan-oro\/#primaryimage\"},\"thumbnailUrl\":\"https:\/\/fundaciojoanoro.org\/wp-content\/uploads\/2023\/05\/IMG20220422094316-2-scaled-1.jpeg\",\"datePublished\":\"2022-04-29T07:27:00+00:00\",\"dateModified\":\"2025-02-28T10:44:24+00:00\",\"breadcrumb\":{\"@id\":\"https:\/\/fundaciojoanoro.org\/en\/the-joan-oro-foundation-receives-support-from-the-la-caixa-foundation-to-celebrate-the-centenary-of-the-birth-of-joan-oro\/#breadcrumb\"},\"inLanguage\":\"en-US\",\"potentialAction\":[{\"@type\":\"ReadAction\",\"target\":[\"https:\/\/fundaciojoanoro.org\/en\/the-joan-oro-foundation-receives-support-from-the-la-caixa-foundation-to-celebrate-the-centenary-of-the-birth-of-joan-oro\/\"]}]},{\"@type\":\"ImageObject\",\"inLanguage\":\"en-US\",\"@id\":\"https:\/\/fundaciojoanoro.org\/en\/the-joan-oro-foundation-receives-support-from-the-la-caixa-foundation-to-celebrate-the-centenary-of-the-birth-of-joan-oro\/#primaryimage\",\"url\":\"https:\/\/fundaciojoanoro.org\/wp-content\/uploads\/2023\/05\/IMG20220422094316-2-scaled-1.jpeg\",\"contentUrl\":\"https:\/\/fundaciojoanoro.org\/wp-content\/uploads\/2023\/05\/IMG20220422094316-2-scaled-1.jpeg\",\"width\":2560,\"height\":1920},{\"@type\":\"BreadcrumbList\",\"@id\":\"https:\/\/fundaciojoanoro.org\/en\/the-joan-oro-foundation-receives-support-from-the-la-caixa-foundation-to-celebrate-the-centenary-of-the-birth-of-joan-oro\/#breadcrumb\",\"itemListElement\":[{\"@type\":\"ListItem\",\"position\":1,\"name\":\"Inici\",\"item\":\"https:\/\/fundaciojoanoro.org\/en\/joan-oro-foundation\/\"},{\"@type\":\"ListItem\",\"position\":2,\"name\":\"The Joan Or\u00f3 Foundation receives support from the &#8220;la Caixa&#8221; Foundation to celebrate the centenary of the birth of Joan Or\u00f3\"}]},{\"@type\":\"WebSite\",\"@id\":\"https:\/\/fundaciojoanoro.org\/#website\",\"url\":\"https:\/\/fundaciojoanoro.org\/\",\"name\":\"Joan Oro\",\"description\":\"\",\"publisher\":{\"@id\":\"https:\/\/fundaciojoanoro.org\/#organization\"},\"potentialAction\":[{\"@type\":\"SearchAction\",\"target\":{\"@type\":\"EntryPoint\",\"urlTemplate\":\"https:\/\/fundaciojoanoro.org\/?s={search_term_string}\"},\"query-input\":{\"@type\":\"PropertyValueSpecification\",\"valueRequired\":true,\"valueName\":\"search_term_string\"}}],\"inLanguage\":\"en-US\"},{\"@type\":\"Organization\",\"@id\":\"https:\/\/fundaciojoanoro.org\/#organization\",\"name\":\"Joan Oro\",\"url\":\"https:\/\/fundaciojoanoro.org\/\",\"logo\":{\"@type\":\"ImageObject\",\"inLanguage\":\"en-US\",\"@id\":\"https:\/\/fundaciojoanoro.org\/#\/schema\/logo\/image\/\",\"url\":\"https:\/\/fundaciojoanoro.org\/wp-content\/uploads\/2023\/04\/logo.svg\",\"contentUrl\":\"https:\/\/fundaciojoanoro.org\/wp-content\/uploads\/2023\/04\/logo.svg\",\"width\":228,\"height\":106,\"caption\":\"Joan Oro\"},\"image\":{\"@id\":\"https:\/\/fundaciojoanoro.org\/#\/schema\/logo\/image\/\"}},{\"@type\":\"Person\",\"@id\":\"https:\/\/fundaciojoanoro.org\/#\/schema\/person\/737fe96ed4850cb09581425c1a2d1ee4\",\"name\":\"agenciaoma\",\"image\":{\"@type\":\"ImageObject\",\"inLanguage\":\"en-US\",\"@id\":\"https:\/\/fundaciojoanoro.org\/#\/schema\/person\/image\/\",\"url\":\"https:\/\/secure.gravatar.com\/avatar\/842e38b0a9d65ee7ea17416d073daf4a?s=96&d=mm&r=g\",\"contentUrl\":\"https:\/\/secure.gravatar.com\/avatar\/842e38b0a9d65ee7ea17416d073daf4a?s=96&d=mm&r=g\",\"caption\":\"agenciaoma\"},\"sameAs\":[\"https:\/\/fundaciojoanoro.org\"],\"url\":\"https:\/\/fundaciojoanoro.org\/en\/author\/agenciaoma\/\"}]}<\/script>\n<!-- \/ Yoast SEO plugin. -->","yoast_head_json":{"title":"The Joan Or\u00f3 Foundation receives support from the \"la Caixa\" Foundation to celebrate the centenary of the birth of Joan Or\u00f3 - Joan Oro","robots":{"index":"index","follow":"follow","max-snippet":"max-snippet:-1","max-image-preview":"max-image-preview:large","max-video-preview":"max-video-preview:-1"},"canonical":"https:\/\/fundaciojoanoro.org\/en\/the-joan-oro-foundation-receives-support-from-the-la-caixa-foundation-to-celebrate-the-centenary-of-the-birth-of-joan-oro\/","og_locale":"en_US","og_type":"article","og_title":"The Joan Or\u00f3 Foundation receives support from the \"la Caixa\" Foundation to celebrate the centenary of the birth of Joan Or\u00f3 - Joan Oro","og_description":"The Joan Or\u00f3 Foundation has received support from the &#8220;la Caixa&#8221; Foundation, through CaixaBank, to promote the foundation&#8217;s activities and for the celebration of the centenary of Joan Or\u00f3&#8217;s birth in 2023. The Joan Or\u00f3 Foundation is inspired by the basic lines of Joan Or\u00f3&#8217;s thought, which seeks to promote the progress of science to [&hellip;]","og_url":"https:\/\/fundaciojoanoro.org\/en\/the-joan-oro-foundation-receives-support-from-the-la-caixa-foundation-to-celebrate-the-centenary-of-the-birth-of-joan-oro\/","og_site_name":"Joan Oro","article_published_time":"2022-04-29T07:27:00+00:00","article_modified_time":"2025-02-28T10:44:24+00:00","og_image":[{"width":2560,"height":1920,"url":"https:\/\/fundaciojoanoro.org\/wp-content\/uploads\/2023\/05\/IMG20220422094316-2-scaled-1.jpeg","type":"image\/jpeg"}],"author":"agenciaoma","twitter_card":"summary_large_image","twitter_misc":{"Written by":"agenciaoma","Est. reading time":"1 minute"},"schema":{"@context":"https:\/\/schema.org","@graph":[{"@type":"Article","@id":"https:\/\/fundaciojoanoro.org\/en\/the-joan-oro-foundation-receives-support-from-the-la-caixa-foundation-to-celebrate-the-centenary-of-the-birth-of-joan-oro\/#article","isPartOf":{"@id":"https:\/\/fundaciojoanoro.org\/en\/the-joan-oro-foundation-receives-support-from-the-la-caixa-foundation-to-celebrate-the-centenary-of-the-birth-of-joan-oro\/"},"author":{"name":"agenciaoma","@id":"https:\/\/fundaciojoanoro.org\/#\/schema\/person\/737fe96ed4850cb09581425c1a2d1ee4"},"headline":"The Joan Or\u00f3 Foundation receives support from the &#8220;la Caixa&#8221; Foundation to celebrate the centenary of the birth of Joan Or\u00f3","datePublished":"2022-04-29T07:27:00+00:00","dateModified":"2025-02-28T10:44:24+00:00","mainEntityOfPage":{"@id":"https:\/\/fundaciojoanoro.org\/en\/the-joan-oro-foundation-receives-support-from-the-la-caixa-foundation-to-celebrate-the-centenary-of-the-birth-of-joan-oro\/"},"wordCount":200,"commentCount":0,"publisher":{"@id":"https:\/\/fundaciojoanoro.org\/#organization"},"image":{"@id":"https:\/\/fundaciojoanoro.org\/en\/the-joan-oro-foundation-receives-support-from-the-la-caixa-foundation-to-celebrate-the-centenary-of-the-birth-of-joan-oro\/#primaryimage"},"thumbnailUrl":"https:\/\/fundaciojoanoro.org\/wp-content\/uploads\/2023\/05\/IMG20220422094316-2-scaled-1.jpeg","inLanguage":"en-US"},{"@type":"WebPage","@id":"https:\/\/fundaciojoanoro.org\/en\/the-joan-oro-foundation-receives-support-from-the-la-caixa-foundation-to-celebrate-the-centenary-of-the-birth-of-joan-oro\/","url":"https:\/\/fundaciojoanoro.org\/en\/the-joan-oro-foundation-receives-support-from-the-la-caixa-foundation-to-celebrate-the-centenary-of-the-birth-of-joan-oro\/","name":"The Joan Or\u00f3 Foundation receives support from the \"la Caixa\" Foundation to celebrate the centenary of the birth of Joan Or\u00f3 - Joan Oro","isPartOf":{"@id":"https:\/\/fundaciojoanoro.org\/#website"},"primaryImageOfPage":{"@id":"https:\/\/fundaciojoanoro.org\/en\/the-joan-oro-foundation-receives-support-from-the-la-caixa-foundation-to-celebrate-the-centenary-of-the-birth-of-joan-oro\/#primaryimage"},"image":{"@id":"https:\/\/fundaciojoanoro.org\/en\/the-joan-oro-foundation-receives-support-from-the-la-caixa-foundation-to-celebrate-the-centenary-of-the-birth-of-joan-oro\/#primaryimage"},"thumbnailUrl":"https:\/\/fundaciojoanoro.org\/wp-content\/uploads\/2023\/05\/IMG20220422094316-2-scaled-1.jpeg","datePublished":"2022-04-29T07:27:00+00:00","dateModified":"2025-02-28T10:44:24+00:00","breadcrumb":{"@id":"https:\/\/fundaciojoanoro.org\/en\/the-joan-oro-foundation-receives-support-from-the-la-caixa-foundation-to-celebrate-the-centenary-of-the-birth-of-joan-oro\/#breadcrumb"},"inLanguage":"en-US","potentialAction":[{"@type":"ReadAction","target":["https:\/\/fundaciojoanoro.org\/en\/the-joan-oro-foundation-receives-support-from-the-la-caixa-foundation-to-celebrate-the-centenary-of-the-birth-of-joan-oro\/"]}]},{"@type":"ImageObject","inLanguage":"en-US","@id":"https:\/\/fundaciojoanoro.org\/en\/the-joan-oro-foundation-receives-support-from-the-la-caixa-foundation-to-celebrate-the-centenary-of-the-birth-of-joan-oro\/#primaryimage","url":"https:\/\/fundaciojoanoro.org\/wp-content\/uploads\/2023\/05\/IMG20220422094316-2-scaled-1.jpeg","contentUrl":"https:\/\/fundaciojoanoro.org\/wp-content\/uploads\/2023\/05\/IMG20220422094316-2-scaled-1.jpeg","width":2560,"height":1920},{"@type":"BreadcrumbList","@id":"https:\/\/fundaciojoanoro.org\/en\/the-joan-oro-foundation-receives-support-from-the-la-caixa-foundation-to-celebrate-the-centenary-of-the-birth-of-joan-oro\/#breadcrumb","itemListElement":[{"@type":"ListItem","position":1,"name":"Inici","item":"https:\/\/fundaciojoanoro.org\/en\/joan-oro-foundation\/"},{"@type":"ListItem","position":2,"name":"The Joan Or\u00f3 Foundation receives support from the &#8220;la Caixa&#8221; Foundation to celebrate the centenary of the birth of Joan Or\u00f3"}]},{"@type":"WebSite","@id":"https:\/\/fundaciojoanoro.org\/#website","url":"https:\/\/fundaciojoanoro.org\/","name":"Joan Oro","description":"","publisher":{"@id":"https:\/\/fundaciojoanoro.org\/#organization"},"potentialAction":[{"@type":"SearchAction","target":{"@type":"EntryPoint","urlTemplate":"https:\/\/fundaciojoanoro.org\/?s={search_term_string}"},"query-input":{"@type":"PropertyValueSpecification","valueRequired":true,"valueName":"search_term_string"}}],"inLanguage":"en-US"},{"@type":"Organization","@id":"https:\/\/fundaciojoanoro.org\/#organization","name":"Joan Oro","url":"https:\/\/fundaciojoanoro.org\/","logo":{"@type":"ImageObject","inLanguage":"en-US","@id":"https:\/\/fundaciojoanoro.org\/#\/schema\/logo\/image\/","url":"https:\/\/fundaciojoanoro.org\/wp-content\/uploads\/2023\/04\/logo.svg","contentUrl":"https:\/\/fundaciojoanoro.org\/wp-content\/uploads\/2023\/04\/logo.svg","width":228,"height":106,"caption":"Joan Oro"},"image":{"@id":"https:\/\/fundaciojoanoro.org\/#\/schema\/logo\/image\/"}},{"@type":"Person","@id":"https:\/\/fundaciojoanoro.org\/#\/schema\/person\/737fe96ed4850cb09581425c1a2d1ee4","name":"agenciaoma","image":{"@type":"ImageObject","inLanguage":"en-US","@id":"https:\/\/fundaciojoanoro.org\/#\/schema\/person\/image\/","url":"https:\/\/secure.gravatar.com\/avatar\/842e38b0a9d65ee7ea17416d073daf4a?s=96&d=mm&r=g","contentUrl":"https:\/\/secure.gravatar.com\/avatar\/842e38b0a9d65ee7ea17416d073daf4a?s=96&d=mm&r=g","caption":"agenciaoma"},"sameAs":["https:\/\/fundaciojoanoro.org"],"url":"https:\/\/fundaciojoanoro.org\/en\/author\/agenciaoma\/"}]}},"_links":{"self":[{"href":"https:\/\/fundaciojoanoro.org\/en\/wp-json\/wp\/v2\/posts\/2336","targetHints":{"allow":["GET"]}}],"collection":[{"href":"https:\/\/fundaciojoanoro.org\/en\/wp-json\/wp\/v2\/posts"}],"about":[{"href":"https:\/\/fundaciojoanoro.org\/en\/wp-json\/wp\/v2\/types\/post"}],"author":[{"embeddable":true,"href":"https:\/\/fundaciojoanoro.org\/en\/wp-json\/wp\/v2\/users\/1"}],"replies":[{"embeddable":true,"href":"https:\/\/fundaciojoanoro.org\/en\/wp-json\/wp\/v2\/comments?post=2336"}],"version-history":[{"count":3,"href":"https:\/\/fundaciojoanoro.org\/en\/wp-json\/wp\/v2\/posts\/2336\/revisions"}],"predecessor-version":[{"id":2343,"href":"https:\/\/fundaciojoanoro.org\/en\/wp-json\/wp\/v2\/posts\/2336\/revisions\/2343"}],"wp:featuredmedia":[{"embeddable":true,"href":"https:\/\/fundaciojoanoro.org\/en\/wp-json\/wp\/v2\/media\/2199"}],"wp:attachment":[{"href":"https:\/\/fundaciojoanoro.org\/en\/wp-json\/wp\/v2\/media?parent=2336"}],"wp:term":[{"taxonomy":"category","embeddable":true,"href":"https:\/\/fundaciojoanoro.org\/en\/wp-json\/wp\/v2\/categories?post=2336"},{"taxonomy":"post_tag","embeddable":true,"href":"https:\/\/fundaciojoanoro.org\/en\/wp-json\/wp\/v2\/tags?post=2336"}],"curies":[{"name":"wp","href":"https:\/\/api.w.org\/{rel}","templated":true}]}}